{"id":1511,"date":"2014-06-07T19:27:04","date_gmt":"2014-06-07T18:27:04","guid":{"rendered":"http:\/\/www.udrugamrkz.hr\/?p=1511"},"modified":"2014-10-05T19:29:12","modified_gmt":"2014-10-05T18:29:12","slug":"dani-otvorenih-vrata-udruge","status":"publish","type":"post","link":"https:\/\/www.udrugamrkz.hr\/?p=1511","title":{"rendered":"Dani otvorenih vrata Udruge"},"content":{"rendered":"<p style=\"text-align: justify;\"><span style=\"color: #000000;\">05. &#8211; 07.06.2014. &#8211; Dani otvorenih vrata udruga odr\u017eavali su se u cijeloj\u00a0<\/span><span style=\"color: #000000;\">Hrvatskoj u organizaciji Ureda za udruge Vlade Republike Hrvatske u vi\u0161e od\u00a0<\/span><span style=\"color: #000000;\">400 organizacija civilnog dru\u0161tva sa ciljem upoznavanja gra\u0111ana sa radom.<\/span><br style=\"color: #000000;\" \/><span style=\"color: #000000;\">Na\u0161a udruga se sva tri dana uklju\u010dila u Dane otvorenih vrata.\u00a0<\/span><span style=\"color: #000000;\">Prvi dan smo organizirali radnu akciju u vrtu i oko ku\u0107e u Gunduli\u0107evoj\u00a0<\/span><span style=\"color: #000000;\">ulici koju je Udruga dobila na kori\u0161tenje od Grada. Kosili smo travu,\u00a0<\/span><span style=\"color: #000000;\">lijevili vrt, \u010distili oko ku\u0107e i brali jagode. Pridru\u017eili su nam se u\u010denici\u00a0<\/span><span style=\"color: #000000;\">Srednje gospodarske \u0161kole te u\u010denici Srednje \u0161kole &#8220;Ivan Seljanec&#8221; sa svojim\u00a0<\/span><span style=\"color: #000000;\">voditeljima.<\/span><br style=\"color: #000000;\" \/><span style=\"color: #000000;\">Drugi dan smo imali prezentaciju rada Udruge i radova na gradskoj tr\u017enici te\u00a0<\/span><span style=\"color: #000000;\">na taj na\u010din upoznali sugra\u0111ane sa na\u0161im radom. Tre\u0107i dan (u subotu) u goste\u00a0<\/span><span style=\"color: #000000;\">su nam do\u0161li \u010dlanovi Udruge za pomo\u0107 osobama s mentalnom retardacijom\u00a0<\/span><span style=\"color: #000000;\">\u0110ur\u0111evac, Udruge za pomo\u0107 osobama s mentalnom retardacijom Koprivnica,\u00a0<\/span><span style=\"color: #000000;\">Udruge osoba s invaliditetom &#8220;Ludbre\u0161ko sunce&#8221; te Udruge &#8220;Srce&#8221; iz Svetog\u00a0<\/span><span style=\"color: #000000;\">Ivana Zeline. Vrijeme smo proveli u veseloj atmosferi uz ples i pjesmu.\u00a0<\/span><span style=\"color: #000000;\">Zabavljali su nas prijatelji iz sastava &#8220;Duo mix&#8221; \u0161to je izazvalo\u00a0<\/span><span style=\"color: #000000;\">odu\u0161evljenje na\u0161ih gostiju i na\u0161ih \u010dlanova. Zahvaljujemo svima koji su na\u00a0<\/span><span style=\"color: #000000;\">bilo koji na\u010din sudjelovali u organizaciji ovog susreta. Posebno u\u010denicima\u00a0<\/span><span style=\"color: #000000;\">Srednje \u0161kole &#8220;Ivan Seljanec&#8221;, budu\u0107im kuharima koji su sa svojim mentorom\u00a0<\/span><span style=\"color: #000000;\">Mi\u0161elom Dosko\u010dil pripremili ru\u010dak kao i gospodinu Tomislavu Tuk\u0161a koji je\u00a0<\/span><span style=\"color: #000000;\">donirao kruh.<\/span><\/p>\n","protected":false},"excerpt":{"rendered":"<p>05. &#8211; 07.06.2014. &#8211; Dani otvorenih vrata udruga odr\u017eavali su se u cijeloj\u00a0Hrvatskoj u organizaciji Ureda za udruge Vlade Republike Hrvatske u vi\u0161e od\u00a0400 organizacija civilnog dru\u0161tva sa ciljem upoznavanja gra\u0111ana sa radom.Na\u0161a udruga&#46;&#46;&#46;<\/p>\n","protected":false},"author":1,"featured_media":0,"comment_status":"closed","ping_status":"closed","sticky":false,"template":"","format":"standard","meta":{"ngg_post_thumbnail":0,"footnotes":""},"categories":[1],"tags":[],"_links":{"self":[{"href":"https:\/\/www.udrugamrkz.hr\/index.php?rest_route=\/wp\/v2\/posts\/1511"}],"collection":[{"href":"https:\/\/www.udrugamrkz.hr\/index.php?rest_route=\/wp\/v2\/posts"}],"about":[{"href":"https:\/\/www.udrugamrkz.hr\/index.php?rest_route=\/wp\/v2\/types\/post"}],"author":[{"embeddable":true,"href":"https:\/\/www.udrugamrkz.hr\/index.php?rest_route=\/wp\/v2\/users\/1"}],"replies":[{"embeddable":true,"href":"https:\/\/www.udrugamrkz.hr\/index.php?rest_route=%2Fwp%2Fv2%2Fcomments&post=1511"}],"version-history":[{"count":1,"href":"https:\/\/www.udrugamrkz.hr\/index.php?rest_route=\/wp\/v2\/posts\/1511\/revisions"}],"predecessor-version":[{"id":1512,"href":"https:\/\/www.udrugamrkz.hr\/index.php?rest_route=\/wp\/v2\/posts\/1511\/revisions\/1512"}],"wp:attachment":[{"href":"https:\/\/www.udrugamrkz.hr\/index.php?rest_route=%2Fwp%2Fv2%2Fmedia&parent=1511"}],"wp:term":[{"taxonomy":"category","embeddable":true,"href":"https:\/\/www.udrugamrkz.hr\/index.php?rest_route=%2Fwp%2Fv2%2Fcategories&post=1511"},{"taxonomy":"post_tag","embeddable":true,"href":"https:\/\/www.udrugamrkz.hr\/index.php?rest_route=%2Fwp%2Fv2%2Ftags&post=1511"}],"curies":[{"name":"wp","href":"https:\/\/api.w.org\/{rel}","templated":true}]}}