{"id":1509,"date":"2014-05-29T19:25:16","date_gmt":"2014-05-29T18:25:16","guid":{"rendered":"http:\/\/www.udrugamrkz.hr\/?p=1509"},"modified":"2014-10-05T19:27:00","modified_gmt":"2014-10-05T18:27:00","slug":"dequel","status":"publish","type":"post","link":"https:\/\/www.udrugamrkz.hr\/?p=1509","title":{"rendered":"DEQUEL"},"content":{"rendered":"<p style=\"text-align: justify;\"><span style=\"color: #000000;\">Predsjednica Udruga sudjelovala je na prvom sastanku\u00a0<\/span><span style=\"color: #000000;\">partnerskih organizacija u projektu &#8220;Deinstitucionalizacija i prevencija\u00a0<\/span><span style=\"color: #000000;\">institucionalizacije osoba s intelektualnim te\u0161ko\u0107ama putem podizanja razine\u00a0<\/span><span style=\"color: #000000;\">kvalitete udomiteljstva. Nositelj projekta je Centar za rehabilitaciju\u00a0<\/span><span style=\"color: #000000;\">Stan\u010di\u0107 Dugo Selo, a partneri su Centar za socijalnu skrb Vrbovec, Centar za\u00a0<\/span><span style=\"color: #000000;\">socijalnu skrb Kri\u017eevci, Udruga invalida Kri\u017eevci te na\u0161a Udruga. Projekt\u00a0<\/span><span style=\"color: #000000;\">traje do 17.10.2015., a financira ga Europska unija.<\/span><\/p>\n","protected":false},"excerpt":{"rendered":"<p>Predsjednica Udruga sudjelovala je na prvom sastanku\u00a0partnerskih organizacija u projektu &#8220;Deinstitucionalizacija i prevencija\u00a0institucionalizacije osoba s intelektualnim te\u0161ko\u0107ama putem podizanja razine\u00a0kvalitete udomiteljstva. Nositelj projekta je Centar za rehabilitaciju\u00a0Stan\u010di\u0107 Dugo Selo, a partneri su Centar za&#46;&#46;&#46;<\/p>\n","protected":false},"author":1,"featured_media":0,"comment_status":"closed","ping_status":"closed","sticky":false,"template":"","format":"standard","meta":{"ngg_post_thumbnail":0,"footnotes":""},"categories":[1],"tags":[],"_links":{"self":[{"href":"https:\/\/www.udrugamrkz.hr\/index.php?rest_route=\/wp\/v2\/posts\/1509"}],"collection":[{"href":"https:\/\/www.udrugamrkz.hr\/index.php?rest_route=\/wp\/v2\/posts"}],"about":[{"href":"https:\/\/www.udrugamrkz.hr\/index.php?rest_route=\/wp\/v2\/types\/post"}],"author":[{"embeddable":true,"href":"https:\/\/www.udrugamrkz.hr\/index.php?rest_route=\/wp\/v2\/users\/1"}],"replies":[{"embeddable":true,"href":"https:\/\/www.udrugamrkz.hr\/index.php?rest_route=%2Fwp%2Fv2%2Fcomments&post=1509"}],"version-history":[{"count":1,"href":"https:\/\/www.udrugamrkz.hr\/index.php?rest_route=\/wp\/v2\/posts\/1509\/revisions"}],"predecessor-version":[{"id":1510,"href":"https:\/\/www.udrugamrkz.hr\/index.php?rest_route=\/wp\/v2\/posts\/1509\/revisions\/1510"}],"wp:attachment":[{"href":"https:\/\/www.udrugamrkz.hr\/index.php?rest_route=%2Fwp%2Fv2%2Fmedia&parent=1509"}],"wp:term":[{"taxonomy":"category","embeddable":true,"href":"https:\/\/www.udrugamrkz.hr\/index.php?rest_route=%2Fwp%2Fv2%2Fcategories&post=1509"},{"taxonomy":"post_tag","embeddable":true,"href":"https:\/\/www.udrugamrkz.hr\/index.php?rest_route=%2Fwp%2Fv2%2Ftags&post=1509"}],"curies":[{"name":"wp","href":"https:\/\/api.w.org\/{rel}","templated":true}]}}