{"id":1500,"date":"2014-05-19T19:16:33","date_gmt":"2014-05-19T18:16:33","guid":{"rendered":"http:\/\/www.udrugamrkz.hr\/?p=1500"},"modified":"2014-10-05T19:19:22","modified_gmt":"2014-10-05T18:19:22","slug":"dan-coor-a-6","status":"publish","type":"post","link":"https:\/\/www.udrugamrkz.hr\/?p=1500","title":{"rendered":"Dan COOR-a"},"content":{"rendered":"<p style=\"text-align: justify;\"><span style=\"color: #000000;\">Prisustvovali smo obilje\u017eavanju Dana Centra za odgoj,\u00a0<\/span><span style=\"color: #000000;\">obrazovanje i rehabilitaciju Kri\u017eevci. U\u010denici Centra, na\u0161i nominalni\u00a0<\/span><span style=\"color: #000000;\">\u010dlanovi su sve prisutne pozdravili pjesmom, plesom i recitacijama. U\u00a0<\/span><span style=\"color: #000000;\">predvorju su se mogli razgledati radovi koji su nastali u u\u010deni\u010dkoj zadruzi\u00a0<\/span><span style=\"color: #000000;\">&#8220;Kri\u017eev\u010danci&#8221;. Na priredbi su prisustvovali roditelji, udomitelji,\u00a0<\/span><span style=\"color: #000000;\">predstavnici institucija sa kojima Centar sura\u0111uje te drugi gosti.<\/span><br style=\"color: #000000;\" \/><br style=\"color: #000000;\" \/><\/p>\n","protected":false},"excerpt":{"rendered":"<p>Prisustvovali smo obilje\u017eavanju Dana Centra za odgoj,\u00a0obrazovanje i rehabilitaciju Kri\u017eevci. U\u010denici Centra, na\u0161i nominalni\u00a0\u010dlanovi su sve prisutne pozdravili pjesmom, plesom i recitacijama. U\u00a0predvorju su se mogli razgledati radovi koji su nastali u u\u010deni\u010dkoj zadruzi\u00a0&#8220;Kri\u017eev\u010danci&#8221;.&#46;&#46;&#46;<\/p>\n","protected":false},"author":1,"featured_media":0,"comment_status":"closed","ping_status":"closed","sticky":false,"template":"","format":"standard","meta":{"ngg_post_thumbnail":0,"footnotes":""},"categories":[3],"tags":[],"_links":{"self":[{"href":"https:\/\/www.udrugamrkz.hr\/index.php?rest_route=\/wp\/v2\/posts\/1500"}],"collection":[{"href":"https:\/\/www.udrugamrkz.hr\/index.php?rest_route=\/wp\/v2\/posts"}],"about":[{"href":"https:\/\/www.udrugamrkz.hr\/index.php?rest_route=\/wp\/v2\/types\/post"}],"author":[{"embeddable":true,"href":"https:\/\/www.udrugamrkz.hr\/index.php?rest_route=\/wp\/v2\/users\/1"}],"replies":[{"embeddable":true,"href":"https:\/\/www.udrugamrkz.hr\/index.php?rest_route=%2Fwp%2Fv2%2Fcomments&post=1500"}],"version-history":[{"count":1,"href":"https:\/\/www.udrugamrkz.hr\/index.php?rest_route=\/wp\/v2\/posts\/1500\/revisions"}],"predecessor-version":[{"id":1501,"href":"https:\/\/www.udrugamrkz.hr\/index.php?rest_route=\/wp\/v2\/posts\/1500\/revisions\/1501"}],"wp:attachment":[{"href":"https:\/\/www.udrugamrkz.hr\/index.php?rest_route=%2Fwp%2Fv2%2Fmedia&parent=1500"}],"wp:term":[{"taxonomy":"category","embeddable":true,"href":"https:\/\/www.udrugamrkz.hr\/index.php?rest_route=%2Fwp%2Fv2%2Fcategories&post=1500"},{"taxonomy":"post_tag","embeddable":true,"href":"https:\/\/www.udrugamrkz.hr\/index.php?rest_route=%2Fwp%2Fv2%2Ftags&post=1500"}],"curies":[{"name":"wp","href":"https:\/\/api.w.org\/{rel}","templated":true}]}}