{"id":1494,"date":"2014-05-10T18:56:54","date_gmt":"2014-05-10T17:56:54","guid":{"rendered":"http:\/\/www.udrugamrkz.hr\/?p=1494"},"modified":"2014-10-05T19:03:08","modified_gmt":"2014-10-05T18:03:08","slug":"druzenje-u-durdevcu-2","status":"publish","type":"post","link":"https:\/\/www.udrugamrkz.hr\/?p=1494","title":{"rendered":"Dru\u017eenje u \u0110ur\u0111evcu"},"content":{"rendered":"<p style=\"text-align: justify;\"><span style=\"color: #000000;\">Na\u0161i \u010dlanovi su sudjelovali na dru\u017eenju u \u0110ur\u0111evcu. Doma\u0107ini\u00a0<\/span><span style=\"color: #000000;\">su bili \u010dlanovi Udruge za pomo\u0107 osobama s mentalnom retardacijom \u0110ur\u0111evac, a\u00a0<\/span><span style=\"color: #000000;\">pridru\u017eili su se i \u010dlanovi udruga Srce Sv. Ivan Zelina, Ludbre\u0161ko sunce\u00a0<\/span><span style=\"color: #000000;\">Ludbreg te Udruge za pomo\u0107 osobama s mentalnom retardacijom iz Koprivnice.\u00a0<\/span><span style=\"color: #000000;\">Vrijeme je provedeno u plesu, igrama i zabavi. Za veselo raspolo\u017eenje\u00a0<\/span><span style=\"color: #000000;\">pobrinuo se \u0111ur\u0111eva\u010dki sastav &#8220;Bolji \u017eivot&#8221; koji je sve odu\u0161evio svojim\u00a0<\/span><span style=\"color: #000000;\">repertoarom i izvedbama.<\/span><\/p>\n<p style=\"text-align: justify;\"><a href=\"http:\/\/www.udrugamrkz.hr\/?attachment_id=1495\" rel=\"attachment wp-att-1495\"><img loading=\"lazy\" decoding=\"async\" class=\"alignleft wp-image-1495\" src=\"http:\/\/www.udrugamrkz.hr\/wp-content\/uploads\/1780991_254290154755760_6795623469898040801_o.jpg\" alt=\"1780991_254290154755760_6795623469898040801_o\" width=\"376\" height=\"251\" data-id=\"1495\" \/><\/a> <a href=\"http:\/\/www.udrugamrkz.hr\/?attachment_id=1496\" rel=\"attachment wp-att-1496\"><img loading=\"lazy\" decoding=\"async\" class=\"alignleft wp-image-1496\" src=\"http:\/\/www.udrugamrkz.hr\/wp-content\/uploads\/1782338_254290114755764_5179382548111371699_o.jpg\" alt=\"1782338_254290114755764_5179382548111371699_o\" width=\"374\" height=\"251\" data-id=\"1496\" \/><\/a><\/p>\n","protected":false},"excerpt":{"rendered":"<p>Na\u0161i \u010dlanovi su sudjelovali na dru\u017eenju u \u0110ur\u0111evcu. Doma\u0107ini\u00a0su bili \u010dlanovi Udruge za pomo\u0107 osobama s mentalnom retardacijom \u0110ur\u0111evac, a\u00a0pridru\u017eili su se i \u010dlanovi udruga Srce Sv. Ivan Zelina, Ludbre\u0161ko sunce\u00a0Ludbreg te Udruge za&#46;&#46;&#46;<\/p>\n","protected":false},"author":1,"featured_media":0,"comment_status":"closed","ping_status":"closed","sticky":false,"template":"","format":"standard","meta":{"ngg_post_thumbnail":0,"footnotes":""},"categories":[3],"tags":[],"_links":{"self":[{"href":"https:\/\/www.udrugamrkz.hr\/index.php?rest_route=\/wp\/v2\/posts\/1494"}],"collection":[{"href":"https:\/\/www.udrugamrkz.hr\/index.php?rest_route=\/wp\/v2\/posts"}],"about":[{"href":"https:\/\/www.udrugamrkz.hr\/index.php?rest_route=\/wp\/v2\/types\/post"}],"author":[{"embeddable":true,"href":"https:\/\/www.udrugamrkz.hr\/index.php?rest_route=\/wp\/v2\/users\/1"}],"replies":[{"embeddable":true,"href":"https:\/\/www.udrugamrkz.hr\/index.php?rest_route=%2Fwp%2Fv2%2Fcomments&post=1494"}],"version-history":[{"count":1,"href":"https:\/\/www.udrugamrkz.hr\/index.php?rest_route=\/wp\/v2\/posts\/1494\/revisions"}],"predecessor-version":[{"id":1497,"href":"https:\/\/www.udrugamrkz.hr\/index.php?rest_route=\/wp\/v2\/posts\/1494\/revisions\/1497"}],"wp:attachment":[{"href":"https:\/\/www.udrugamrkz.hr\/index.php?rest_route=%2Fwp%2Fv2%2Fmedia&parent=1494"}],"wp:term":[{"taxonomy":"category","embeddable":true,"href":"https:\/\/www.udrugamrkz.hr\/index.php?rest_route=%2Fwp%2Fv2%2Fcategories&post=1494"},{"taxonomy":"post_tag","embeddable":true,"href":"https:\/\/www.udrugamrkz.hr\/index.php?rest_route=%2Fwp%2Fv2%2Ftags&post=1494"}],"curies":[{"name":"wp","href":"https:\/\/api.w.org\/{rel}","templated":true}]}}