{"id":1335,"date":"2014-05-10T07:29:36","date_gmt":"2014-05-10T06:29:36","guid":{"rendered":"http:\/\/www.udrugamrkz.hr\/?p=1335"},"modified":"2014-07-01T09:44:38","modified_gmt":"2014-07-01T08:44:38","slug":"edukacije-izvoditeljica-u-projektu-rana-intervencija-i-rehabilitacija-predskolske-djece-s-teskocama-u-razvoju","status":"publish","type":"post","link":"https:\/\/www.udrugamrkz.hr\/?p=1335","title":{"rendered":"Edukacije izvoditeljica u projektu &#8220;&#8221;Rana intervencija i rehabilitacija pred\u0161kolske djece s te\u0161ko\u0107ama u razvoju&#8221;"},"content":{"rendered":"<p style=\"text-align: justify;\">Voditeljice aktivnosti u projektu &#8220;Rana intervencija i\u00a0rehabilitacija pred\u0161kolske djece s te\u0161ko\u0107ama u razvoju&#8221; sudjelovale su na\u00a0edukacijama. Kristina Kranj\u010devi\u0107 sudjelovala je na edukaciji\u00a0&#8220;Individualizacija razvojno primjerenog programa za djecu i mlade s\u00a0te\u0161ko\u0107ama &#8211; izrada individualnog edukacijskog plana (IEP)&#8221;. Edukacija je\u00a0odr\u017eana u organizaciji Dnevnog centra za rehabilitaciju djece i mlade\u017ei\u00a0&#8220;Mali dom-Zagreb&#8221;, a bila je namijenjena edukacijskim rehabilitatorima,\u00a0logopedima, socijalnim radnicima, socijalnim pedagozima, psiholozima, radnim\u00a0terapeutima, u\u010diteljima, odgajateljima i svim stru\u010dnjacima koji rade u\u00a0podru\u010dju edukacije i rehabilitacije djece i mladih s razvojnim te\u0161ko\u0107ama.<br \/>\nSnje\u017eana Mergon sudjelovala je na obavijesnom te\u010daju &#8220;Smetnje u\u010denja&#8221;. Te\u010daj\u00a0je organizirala Akademija za razvojnu rehabilitaciju, a odr\u017ean je u Centru\u00a0Slava Ra\u0161kaj u Zagrebu. Bio je namijenjen tako\u0111er stru\u010dnjacima koji rade s\u00a0djecom i mladima s te\u0161ko\u0107ama u razvoju.<\/p>\n","protected":false},"excerpt":{"rendered":"<p>Voditeljice aktivnosti u projektu &#8220;Rana intervencija i\u00a0rehabilitacija pred\u0161kolske djece s te\u0161ko\u0107ama u razvoju&#8221; sudjelovale su na\u00a0edukacijama. Kristina Kranj\u010devi\u0107 sudjelovala je na edukaciji\u00a0&#8220;Individualizacija razvojno primjerenog programa za djecu i mlade s\u00a0te\u0161ko\u0107ama &#8211; izrada individualnog edukacijskog&#46;&#46;&#46;<\/p>\n","protected":false},"author":1,"featured_media":0,"comment_status":"closed","ping_status":"closed","sticky":false,"template":"","format":"standard","meta":{"ngg_post_thumbnail":0,"footnotes":""},"categories":[5],"tags":[],"_links":{"self":[{"href":"https:\/\/www.udrugamrkz.hr\/index.php?rest_route=\/wp\/v2\/posts\/1335"}],"collection":[{"href":"https:\/\/www.udrugamrkz.hr\/index.php?rest_route=\/wp\/v2\/posts"}],"about":[{"href":"https:\/\/www.udrugamrkz.hr\/index.php?rest_route=\/wp\/v2\/types\/post"}],"author":[{"embeddable":true,"href":"https:\/\/www.udrugamrkz.hr\/index.php?rest_route=\/wp\/v2\/users\/1"}],"replies":[{"embeddable":true,"href":"https:\/\/www.udrugamrkz.hr\/index.php?rest_route=%2Fwp%2Fv2%2Fcomments&post=1335"}],"version-history":[{"count":3,"href":"https:\/\/www.udrugamrkz.hr\/index.php?rest_route=\/wp\/v2\/posts\/1335\/revisions"}],"predecessor-version":[{"id":1337,"href":"https:\/\/www.udrugamrkz.hr\/index.php?rest_route=\/wp\/v2\/posts\/1335\/revisions\/1337"}],"wp:attachment":[{"href":"https:\/\/www.udrugamrkz.hr\/index.php?rest_route=%2Fwp%2Fv2%2Fmedia&parent=1335"}],"wp:term":[{"taxonomy":"category","embeddable":true,"href":"https:\/\/www.udrugamrkz.hr\/index.php?rest_route=%2Fwp%2Fv2%2Fcategories&post=1335"},{"taxonomy":"post_tag","embeddable":true,"href":"https:\/\/www.udrugamrkz.hr\/index.php?rest_route=%2Fwp%2Fv2%2Ftags&post=1335"}],"curies":[{"name":"wp","href":"https:\/\/api.w.org\/{rel}","templated":true}]}}