{"id":1324,"date":"2014-05-03T09:25:37","date_gmt":"2014-05-03T08:25:37","guid":{"rendered":"http:\/\/www.udrugamrkz.hr\/?p=1324"},"modified":"2014-05-06T09:30:37","modified_gmt":"2014-05-06T08:30:37","slug":"skupstina-udruge-invalida-krizevci-4","status":"publish","type":"post","link":"https:\/\/www.udrugamrkz.hr\/?p=1324","title":{"rendered":"Skup\u0161tina Udruge invalida Kri\u017eevci"},"content":{"rendered":"<p style=\"text-align: justify;\">Predstavnice Udruge su sudjelovale na Skup\u0161tini Udruge invalida Kri\u017eevci koja je ove godine bila izborna. Na dnevnom redu su bila izvje\u0161\u0107a za 2013. godinu, kao i plan i program rada za 2014. godinu. Izvje\u0161\u0107a su jednoglasno prihva\u0107ena, kao i prijedlozi za nove (stare) \u010dlanove tijela upravljanja. Za predsjednika je ponovo izabran gospodin Petar Gatari\u0107. Udruga Invalida Kri\u017eevci je postigla zavidne rezultate u pro\u0161loj godini, a pred novim vodstvom je jo\u0161 puno zadataka. Skup\u0161tini su osim redovnih \u010dlanova sudjelovali predstavnici \u017eupanijskih i gradskih institucija i udruga, a odr\u017eana je u restoranu &#8220;Vojarna&#8221; u Kri\u017eevcima.<\/p>\n","protected":false},"excerpt":{"rendered":"<p>Predstavnice Udruge su sudjelovale na Skup\u0161tini Udruge invalida Kri\u017eevci koja je ove godine bila izborna. Na dnevnom redu su bila izvje\u0161\u0107a za 2013. godinu, kao i plan i program rada za 2014. godinu. Izvje\u0161\u0107a&#46;&#46;&#46;<\/p>\n","protected":false},"author":1,"featured_media":0,"comment_status":"closed","ping_status":"closed","sticky":false,"template":"","format":"standard","meta":{"ngg_post_thumbnail":0,"footnotes":""},"categories":[3],"tags":[],"_links":{"self":[{"href":"https:\/\/www.udrugamrkz.hr\/index.php?rest_route=\/wp\/v2\/posts\/1324"}],"collection":[{"href":"https:\/\/www.udrugamrkz.hr\/index.php?rest_route=\/wp\/v2\/posts"}],"about":[{"href":"https:\/\/www.udrugamrkz.hr\/index.php?rest_route=\/wp\/v2\/types\/post"}],"author":[{"embeddable":true,"href":"https:\/\/www.udrugamrkz.hr\/index.php?rest_route=\/wp\/v2\/users\/1"}],"replies":[{"embeddable":true,"href":"https:\/\/www.udrugamrkz.hr\/index.php?rest_route=%2Fwp%2Fv2%2Fcomments&post=1324"}],"version-history":[{"count":3,"href":"https:\/\/www.udrugamrkz.hr\/index.php?rest_route=\/wp\/v2\/posts\/1324\/revisions"}],"predecessor-version":[{"id":1327,"href":"https:\/\/www.udrugamrkz.hr\/index.php?rest_route=\/wp\/v2\/posts\/1324\/revisions\/1327"}],"wp:attachment":[{"href":"https:\/\/www.udrugamrkz.hr\/index.php?rest_route=%2Fwp%2Fv2%2Fmedia&parent=1324"}],"wp:term":[{"taxonomy":"category","embeddable":true,"href":"https:\/\/www.udrugamrkz.hr\/index.php?rest_route=%2Fwp%2Fv2%2Fcategories&post=1324"},{"taxonomy":"post_tag","embeddable":true,"href":"https:\/\/www.udrugamrkz.hr\/index.php?rest_route=%2Fwp%2Fv2%2Ftags&post=1324"}],"curies":[{"name":"wp","href":"https:\/\/api.w.org\/{rel}","templated":true}]}}