{"id":1300,"date":"2014-03-27T08:45:18","date_gmt":"2014-03-27T07:45:18","guid":{"rendered":"http:\/\/www.udrugamrkz.hr\/?p=1300"},"modified":"2014-04-29T09:04:51","modified_gmt":"2014-04-29T08:04:51","slug":"europski-strukturni-fondovi","status":"publish","type":"post","link":"https:\/\/www.udrugamrkz.hr\/?p=1300","title":{"rendered":"Europski strukturni fondovi"},"content":{"rendered":"<p style=\"text-align: justify;\">Voditeljica aktivnosti Martina Benjak sudjelovala je naprezentaciji &#8220;Europski strukturni fondovi i operativni program razvoj ljudskih potencijala&#8221;. Prezentacija je odr\u017eana u Gradskoj vije\u0107nici grada Koprivnice u organizaciji Udruge za odr\u017eivi razvoj Hrvatske, a sudjelovali su predstavnici udruga i institucija. Ulaskom u 2014. godinu zapo\u010dele su objave natje\u010daja za dodjelu sredstava iz strukturnih fondova. Sredstva koja su na raspolaganju hrvatskim organizacijama iz strukturnih fondova vi\u0161estruko su izda\u0161nija od sredstava iz pretpristupnih programa. Uz to, strukturni fondovi dostupni su svim zemljama \u010dlanicama, \u0161to ukazuje na znatno sna\u017eniju i brojniju konkurenciju projekata koji se natje\u010du za pojedini program. Sve navedeno govori o nu\u017enosti jo\u0161 intenzivnijeg i kvalitetnijeg rada na pripremi cijelog hrvatskog dru\u0161tva na apsorpciju sredstava iz strukturnih fondova i Kohezijskog fonda. Cilj organiziranja prezentacije je pribli\u017eavanje navedene tematike korisnicima. Na prezentaciji\u00a0smo saznati kakve su mogu\u0107nosti financiranja iz strukturnih fondova za civilni sektor, tijela regionalne i lokalne samouprave, te kako se \u0161to je mogu\u0107e kvalitetnije pripremiti za povla\u010denje sredstava i realizaciju razvojnih projekata<\/p>\n","protected":false},"excerpt":{"rendered":"<p>Voditeljica aktivnosti Martina Benjak sudjelovala je naprezentaciji &#8220;Europski strukturni fondovi i operativni program razvoj ljudskih potencijala&#8221;. Prezentacija je odr\u017eana u Gradskoj vije\u0107nici grada Koprivnice u organizaciji Udruge za odr\u017eivi razvoj Hrvatske, a sudjelovali su&#46;&#46;&#46;<\/p>\n","protected":false},"author":1,"featured_media":0,"comment_status":"closed","ping_status":"closed","sticky":false,"template":"","format":"standard","meta":{"ngg_post_thumbnail":0,"footnotes":""},"categories":[5],"tags":[],"_links":{"self":[{"href":"https:\/\/www.udrugamrkz.hr\/index.php?rest_route=\/wp\/v2\/posts\/1300"}],"collection":[{"href":"https:\/\/www.udrugamrkz.hr\/index.php?rest_route=\/wp\/v2\/posts"}],"about":[{"href":"https:\/\/www.udrugamrkz.hr\/index.php?rest_route=\/wp\/v2\/types\/post"}],"author":[{"embeddable":true,"href":"https:\/\/www.udrugamrkz.hr\/index.php?rest_route=\/wp\/v2\/users\/1"}],"replies":[{"embeddable":true,"href":"https:\/\/www.udrugamrkz.hr\/index.php?rest_route=%2Fwp%2Fv2%2Fcomments&post=1300"}],"version-history":[{"count":1,"href":"https:\/\/www.udrugamrkz.hr\/index.php?rest_route=\/wp\/v2\/posts\/1300\/revisions"}],"predecessor-version":[{"id":1301,"href":"https:\/\/www.udrugamrkz.hr\/index.php?rest_route=\/wp\/v2\/posts\/1300\/revisions\/1301"}],"wp:attachment":[{"href":"https:\/\/www.udrugamrkz.hr\/index.php?rest_route=%2Fwp%2Fv2%2Fmedia&parent=1300"}],"wp:term":[{"taxonomy":"category","embeddable":true,"href":"https:\/\/www.udrugamrkz.hr\/index.php?rest_route=%2Fwp%2Fv2%2Fcategories&post=1300"},{"taxonomy":"post_tag","embeddable":true,"href":"https:\/\/www.udrugamrkz.hr\/index.php?rest_route=%2Fwp%2Fv2%2Ftags&post=1300"}],"curies":[{"name":"wp","href":"https:\/\/api.w.org\/{rel}","templated":true}]}}