{"id":1295,"date":"2014-03-21T08:25:14","date_gmt":"2014-03-21T07:25:14","guid":{"rendered":"http:\/\/www.udrugamrkz.hr\/?p=1295"},"modified":"2014-04-29T08:40:03","modified_gmt":"2014-04-29T07:40:03","slug":"medunarodni-dan-osoba-s-down-sindromom-2","status":"publish","type":"post","link":"https:\/\/www.udrugamrkz.hr\/?p=1295","title":{"rendered":"Me\u0111unarodni dan osoba s Down sindromom"},"content":{"rendered":"<p style=\"text-align: justify;\">Povodom me\u0111unarodnog dana osoba s Down sindromom, ve\u0107 tradicionalno smo posjetili Ured gradona\u010delnika. Danas nas je primio zamjenik gradona\u010delnika, gospodin Tomislav Katanovi\u0107. U kratkom posjetu razgovaralo se o integraciji osoba s Down sindromom u zajednicu u kojoj \u017eive te o problemima sa kojima se susre\u0107u roditelji ove djece i mladih. Kristina Kranj\u010devi\u0107, dipl. defektolog koja radi s djecom i mladima s Down sindromom istaknula je va\u017enost sustavne potpore ovakvoj djeci od najranijih dana, no dodala kako je va\u017eno i integrirati ih u redovan obrazovno-odgojni sustav, a ne ih izdvajati u posebne ustanove. Prisutna je bila i predsjednica Udruge za pomo\u0107 osobama s mentalnom retardacijom Kri\u017eevci Tamara Premu\u0161 koja je naglasila da su mladima kad iza\u0111u iz sustava obrazovanja, otvorena vrata ove udruge u kojoj mogu korisno provoditi svoje slobodno vrijeme. Zamjenik gradona\u010delnika istaknuo je kako \u0107e Grad i dalje podupirati njihove aktivnosti u skladu s mogu\u0107nostima te da smatra tako\u0111er va\u017enim senzibilizirati javnost i dru\u0161tvo na njihove potrebe i \u010dinjenicu da su i takva djeca i mladi ravnopravni \u010dlanovi dru\u0161tva. Udruga za pomo\u0107 osobama s mentalnom retardacijom Kri\u017eevci kontinuiranim radom \u0107e nastojati i ovoj generaciji polaznika COOR-a\u00a0 Kri\u017eevci, nakon njihovog obrazovanja pru\u017eiti kvalitetne aktivnosti.<\/p>\n<p style=\"text-align: justify;\"><img loading=\"lazy\" decoding=\"async\" class=\"ngg-singlepic ngg-none\" alt=\"OLYMPUS DIGITAL CAMERA\" src=\"http:\/\/www.udrugamrkz.hr\/wp-content\/gallery\/aaa\/p3210031.jpg\" width=\"296\" height=\"222\" \/><\/p>\n<p style=\"text-align: justify;\">Na gradskoj tr\u017enici smo izlo\u017eili radove nastale u kreativnim radionicama, a na\u0161im sugra\u0111anima smo (za njihove dobrovoljne priloge) dijelili suncokrete koji su za\u0161titni znak osoba s Down sindromom. Neki od \u010dlanova su se aktivno uklju\u010dili i u kampanju \u0161arenih \u010darapa te i na taj na\u010din podr\u017eali na\u0161e &#8220;Downi\u0107e&#8221;.<\/p>\n<p style=\"text-align: justify;\"><img loading=\"lazy\" decoding=\"async\" class=\"ngg-singlepic ngg-none\" alt=\"OLYMPUS DIGITAL CAMERA\" src=\"http:\/\/www.udrugamrkz.hr\/wp-content\/gallery\/aaa\/p3210040.jpg\" width=\"296\" height=\"222\" \/><\/p>\n","protected":false},"excerpt":{"rendered":"<p>Povodom me\u0111unarodnog dana osoba s Down sindromom, ve\u0107 tradicionalno smo posjetili Ured gradona\u010delnika. Danas nas je primio zamjenik gradona\u010delnika, gospodin Tomislav Katanovi\u0107. U kratkom posjetu razgovaralo se o integraciji osoba s Down sindromom u&#46;&#46;&#46;<\/p>\n","protected":false},"author":1,"featured_media":0,"comment_status":"closed","ping_status":"closed","sticky":false,"template":"","format":"standard","meta":{"ngg_post_thumbnail":0,"footnotes":""},"categories":[3],"tags":[],"_links":{"self":[{"href":"https:\/\/www.udrugamrkz.hr\/index.php?rest_route=\/wp\/v2\/posts\/1295"}],"collection":[{"href":"https:\/\/www.udrugamrkz.hr\/index.php?rest_route=\/wp\/v2\/posts"}],"about":[{"href":"https:\/\/www.udrugamrkz.hr\/index.php?rest_route=\/wp\/v2\/types\/post"}],"author":[{"embeddable":true,"href":"https:\/\/www.udrugamrkz.hr\/index.php?rest_route=\/wp\/v2\/users\/1"}],"replies":[{"embeddable":true,"href":"https:\/\/www.udrugamrkz.hr\/index.php?rest_route=%2Fwp%2Fv2%2Fcomments&post=1295"}],"version-history":[{"count":1,"href":"https:\/\/www.udrugamrkz.hr\/index.php?rest_route=\/wp\/v2\/posts\/1295\/revisions"}],"predecessor-version":[{"id":1296,"href":"https:\/\/www.udrugamrkz.hr\/index.php?rest_route=\/wp\/v2\/posts\/1295\/revisions\/1296"}],"wp:attachment":[{"href":"https:\/\/www.udrugamrkz.hr\/index.php?rest_route=%2Fwp%2Fv2%2Fmedia&parent=1295"}],"wp:term":[{"taxonomy":"category","embeddable":true,"href":"https:\/\/www.udrugamrkz.hr\/index.php?rest_route=%2Fwp%2Fv2%2Fcategories&post=1295"},{"taxonomy":"post_tag","embeddable":true,"href":"https:\/\/www.udrugamrkz.hr\/index.php?rest_route=%2Fwp%2Fv2%2Ftags&post=1295"}],"curies":[{"name":"wp","href":"https:\/\/api.w.org\/{rel}","templated":true}]}}