{"id":1290,"date":"2014-03-17T08:10:56","date_gmt":"2014-03-17T07:10:56","guid":{"rendered":"http:\/\/www.udrugamrkz.hr\/?p=1290"},"modified":"2014-04-29T08:16:49","modified_gmt":"2014-04-29T07:16:49","slug":"projekt-grad-prijatelj-djece-u-2014","status":"publish","type":"post","link":"https:\/\/www.udrugamrkz.hr\/?p=1290","title":{"rendered":"Projekt &#8220;Grad-prijatelj djece&#8221; u 2014."},"content":{"rendered":"<p style=\"text-align: justify;\">Voditeljica Kluba &#8220;Masla\u010dak&#8221; Nada Domitrovi\u0107 sudjelovala je na koordinacijskom sastanku \u010dija tema je bila provedba projekta &#8220;Grad-prijatelj djece&#8221; u 2014.<br \/>\nGradsko vije\u0107e Grada Kri\u017eevaca je 05. studenoga 2013. godine donijelo Odluku o uklju\u010denju u akciju &#8220;Gradovi i op\u0107ine \u2013 prijatelji djece&#8221;, kojom se \u00a0opredijelio za provo\u0111enje aktivnosti u suradnji s lokalnim tijelima, ustanovama, udrugama, pojedincima, medijima, odraslima i djecom s ciljem<\/p>\n<p style=\"text-align: justify;\">&#8211; poticanja svih sudionika na udru\u017eeno i koordinirano djelovanje radi osiguranja uvjeta za kvalitetan \u017eivot djece u na\u0161em\u00a0gradu\u00a0<\/p>\n<p style=\"text-align: justify;\">&#8211; Evidentiranja postignutih rezultata<\/p>\n<p style=\"text-align: justify;\">&#8211; Medijskog pra\u0107enja dometa akcije te<\/p>\n<p style=\"text-align: justify;\">&#8211; Dodjela javnog priznanja za ispunjenje zahtjeva akcije u obliku po\u010dasnog naziva Grad Kri\u017eevci \u2013 prijatelj djece.<\/p>\n<p style=\"text-align: justify;\">Kako bi se ostvarili zadani ciljevi, potrebno je uklju\u010diti sve odgojno-obrazovne ustanove, ustanove u kulturi, sportu, socijalnoj skrbi, zdravstvene ustanove te zajednice i udruge gra\u0111ana koje su se u svom radu opredijelile za rad s djecom da se svojim aktivnostima neposredno uklju\u010de u provedbi. Sastanak je odr\u017ean u Velikoj vije\u0107nici Grada Kri\u017eevaca, a prisustvovali su predstavnici gradskih vrti\u0107a, \u0161kola, udruga i institucija kao nositelji aktivnosti u projektu.<\/p>\n<p>&nbsp;<\/p>\n","protected":false},"excerpt":{"rendered":"<p>Voditeljica Kluba &#8220;Masla\u010dak&#8221; Nada Domitrovi\u0107 sudjelovala je na koordinacijskom sastanku \u010dija tema je bila provedba projekta &#8220;Grad-prijatelj djece&#8221; u 2014. Gradsko vije\u0107e Grada Kri\u017eevaca je 05. studenoga 2013. godine donijelo Odluku o uklju\u010denju u&#46;&#46;&#46;<\/p>\n","protected":false},"author":1,"featured_media":0,"comment_status":"closed","ping_status":"closed","sticky":false,"template":"","format":"standard","meta":{"ngg_post_thumbnail":0,"footnotes":""},"categories":[1],"tags":[],"_links":{"self":[{"href":"https:\/\/www.udrugamrkz.hr\/index.php?rest_route=\/wp\/v2\/posts\/1290"}],"collection":[{"href":"https:\/\/www.udrugamrkz.hr\/index.php?rest_route=\/wp\/v2\/posts"}],"about":[{"href":"https:\/\/www.udrugamrkz.hr\/index.php?rest_route=\/wp\/v2\/types\/post"}],"author":[{"embeddable":true,"href":"https:\/\/www.udrugamrkz.hr\/index.php?rest_route=\/wp\/v2\/users\/1"}],"replies":[{"embeddable":true,"href":"https:\/\/www.udrugamrkz.hr\/index.php?rest_route=%2Fwp%2Fv2%2Fcomments&post=1290"}],"version-history":[{"count":2,"href":"https:\/\/www.udrugamrkz.hr\/index.php?rest_route=\/wp\/v2\/posts\/1290\/revisions"}],"predecessor-version":[{"id":1292,"href":"https:\/\/www.udrugamrkz.hr\/index.php?rest_route=\/wp\/v2\/posts\/1290\/revisions\/1292"}],"wp:attachment":[{"href":"https:\/\/www.udrugamrkz.hr\/index.php?rest_route=%2Fwp%2Fv2%2Fmedia&parent=1290"}],"wp:term":[{"taxonomy":"category","embeddable":true,"href":"https:\/\/www.udrugamrkz.hr\/index.php?rest_route=%2Fwp%2Fv2%2Fcategories&post=1290"},{"taxonomy":"post_tag","embeddable":true,"href":"https:\/\/www.udrugamrkz.hr\/index.php?rest_route=%2Fwp%2Fv2%2Ftags&post=1290"}],"curies":[{"name":"wp","href":"https:\/\/api.w.org\/{rel}","templated":true}]}}