{"id":1276,"date":"2014-02-27T16:59:03","date_gmt":"2014-02-27T15:59:03","guid":{"rendered":"http:\/\/www.udrugamrkz.hr\/?p=1276"},"modified":"2014-04-21T17:08:19","modified_gmt":"2014-04-21T16:08:19","slug":"dan-otvorenih-vrata-2","status":"publish","type":"post","link":"https:\/\/www.udrugamrkz.hr\/?p=1276","title":{"rendered":"Dan otvorenih vrata"},"content":{"rendered":"<p style=\"text-align: justify;\">Organizirali smo po drugi put\u00a0Dan otvorenih vrata\u00a0u sklopu projekta &#8220;Upoznajte nas i na\u0161e mogu\u0107nosti&#8221; koji financira Regionalna zaklada za lokalni razvoj &#8220;Zamah&#8221; u 2014. godini. Voditeljica projekta je Martina Benjak. Suradnici u ovom projektu su Srednja gospodarska \u0161kola Kri\u017eevci te Srednja \u0161kola &#8220;Ivan Seljanec&#8221; Kri\u017eevci.\u00a0U\u010denici Srednje \u0161kole &#8220;Ivan Seljanec&#8221;, smjer kuhar i korisnici projekta pripremali su krafne. Posjetili su nas i predstavnici CZSS Kri\u017eevci, koji su se aktivno uklju\u010dili u kreativnu radionicu izrade pisanica. U\u010denici COOR-a Kri\u017eevci su se tako\u0111er uklju\u010dili u kreativnu radionicu gdje su oslikavali kutije za jaja. Na\u0161em veselom dru\u0161tvu pridru\u017eilo se i nekoliko gra\u0111ana koji su bili zainteresirani upoznati na\u0161e \u010dlanove. Gospo\u0111ica sa Radio Kri\u017eevaca je snimila prilog za emisiju &#8220;Bolja strana humanost&#8221;. Dan otvorenih vrata imat \u0107emo jednom mjese\u010dno, \u0161to je predvi\u0111eno projektom. Cilj projekta je uklju\u010diti \u0161to vi\u0161e mladih ljudi (srednjo\u0161kolaca) u na\u0161e aktivnosti, razvijati volonterstvo te upoznati \u0161to vi\u0161e sugra\u0111ana sa na\u0161im \u010dlanovima i onime \u0161to oni mogu.<\/p>\n<p style=\"text-align: justify;\"><img decoding=\"async\" class=\"ngg-singlepic ngg-none\" alt=\"zamah_logo\" src=\"http:\/\/www.udrugamrkz.hr\/wp-content\/gallery\/slikice\/zamah_logo.jpg\" \/>\u00a0 \u00a0 \u00a0 \u00a0\u00a0<img loading=\"lazy\" decoding=\"async\" class=\"ngg-singlepic ngg-none\" alt=\"logo-n-zaklada\" src=\"http:\/\/www.udrugamrkz.hr\/wp-content\/gallery\/slikice\/logo-n-zaklada.jpg\" width=\"178\" height=\"130\" \/><\/p>\n","protected":false},"excerpt":{"rendered":"<p>Organizirali smo po drugi put\u00a0Dan otvorenih vrata\u00a0u sklopu projekta &#8220;Upoznajte nas i na\u0161e mogu\u0107nosti&#8221; koji financira Regionalna zaklada za lokalni razvoj &#8220;Zamah&#8221; u 2014. godini. Voditeljica projekta je Martina Benjak. Suradnici u ovom projektu&#46;&#46;&#46;<\/p>\n","protected":false},"author":1,"featured_media":0,"comment_status":"closed","ping_status":"closed","sticky":false,"template":"","format":"standard","meta":{"ngg_post_thumbnail":0,"footnotes":""},"categories":[1],"tags":[],"_links":{"self":[{"href":"https:\/\/www.udrugamrkz.hr\/index.php?rest_route=\/wp\/v2\/posts\/1276"}],"collection":[{"href":"https:\/\/www.udrugamrkz.hr\/index.php?rest_route=\/wp\/v2\/posts"}],"about":[{"href":"https:\/\/www.udrugamrkz.hr\/index.php?rest_route=\/wp\/v2\/types\/post"}],"author":[{"embeddable":true,"href":"https:\/\/www.udrugamrkz.hr\/index.php?rest_route=\/wp\/v2\/users\/1"}],"replies":[{"embeddable":true,"href":"https:\/\/www.udrugamrkz.hr\/index.php?rest_route=%2Fwp%2Fv2%2Fcomments&post=1276"}],"version-history":[{"count":3,"href":"https:\/\/www.udrugamrkz.hr\/index.php?rest_route=\/wp\/v2\/posts\/1276\/revisions"}],"predecessor-version":[{"id":1279,"href":"https:\/\/www.udrugamrkz.hr\/index.php?rest_route=\/wp\/v2\/posts\/1276\/revisions\/1279"}],"wp:attachment":[{"href":"https:\/\/www.udrugamrkz.hr\/index.php?rest_route=%2Fwp%2Fv2%2Fmedia&parent=1276"}],"wp:term":[{"taxonomy":"category","embeddable":true,"href":"https:\/\/www.udrugamrkz.hr\/index.php?rest_route=%2Fwp%2Fv2%2Fcategories&post=1276"},{"taxonomy":"post_tag","embeddable":true,"href":"https:\/\/www.udrugamrkz.hr\/index.php?rest_route=%2Fwp%2Fv2%2Ftags&post=1276"}],"curies":[{"name":"wp","href":"https:\/\/api.w.org\/{rel}","templated":true}]}}