{"id":1259,"date":"2014-01-30T17:05:30","date_gmt":"2014-01-30T16:05:30","guid":{"rendered":"http:\/\/www.udrugamrkz.hr\/?p=1259"},"modified":"2014-02-08T17:11:59","modified_gmt":"2014-02-08T16:11:59","slug":"dan-otvorenih-vrata","status":"publish","type":"post","link":"https:\/\/www.udrugamrkz.hr\/?p=1259","title":{"rendered":"Dan otvorenih vrata"},"content":{"rendered":"<p style=\"text-align: justify;\">Dan otvorenih vrata organizirali smo u sklopu projekta &#8220;Upoznajte nas i na\u0161e mogu\u0107nosti&#8221; koji financira Regionalna zaklada za lokalni razvoj &#8220;Zamah&#8221; u 2014. godini. Voditeljica projekta je Martina Benjak. Suradnici u ovom projektu su Srednja gospodarska \u0161kola Kri\u017eevci te Srednja \u0161kola &#8220;Ivan Seljanec&#8221; Kri\u017eevci. Na po\u010detku dru\u017eenja posjetio nas je zamjenik gradona\u010delnika gospodin Ivan Vuk, te na taj na\u010din u ime Grada podr\u017eao na\u0161 rad. U\u010denici obiju \u0161kola su sudjelovali u dana\u0161njim aktivnostima sa svojim profesorima i mentorima, prof. Verkom Filipovi\u0107 te Mi\u0161elom Dosko\u010dilom i Borom Petrekom. U\u010denici Srednje gospodarske \u0161kole pripremali su medenjake i sudjelovali u kreativnoj radionici, izra\u0111uju\u0107i srca od hamer papira. U\u010denici Srednje \u0161kole &#8220;Ivan Seljanec&#8221;, smjer kuhar i konobar pripremali su nam frapee od vo\u0107a i povr\u0107a. Posjetila nas je i socijalna radnica Kristina Trbuha, ravnateljica Centra za odgoj, obrazovanje i rehabilitaciju Kri\u017eevci Marija Prodan kao i u\u010denici COOR-a. Na\u0161em veselom dru\u0161tvu pridru\u017eilo se i nekoliko gra\u0111ana koji su bili zainteresiraniupoznati na\u0161e \u010dlanove. Gospo\u0111a Jelena Iv\u0161i\u0107 sa Radio Kri\u017eevaca je snimila prilog za emisiju &#8220;Bolja strana humanost&#8221;. Dan otvorenih vrata imat \u0107emo jednom mjese\u010dno, \u0161to je predvi\u0111eno projektom. Cilj projekta je uklju\u010diti \u0161to vi\u0161e mladih ljudi (srednjo\u0161kolaca) u na\u0161e aktivnosti, razvijati volonterstvo te upoznati \u0161to vi\u0161e sugra\u0111ana sa na\u0161im \u010dlanovima i onime \u0161to oni mogu.<\/p>\n<p style=\"text-align: justify;\"><img loading=\"lazy\" decoding=\"async\" class=\"ngg-singlepic ngg-none\" alt=\"OLYMPUS DIGITAL CAMERA\" src=\"http:\/\/www.udrugamrkz.hr\/wp-content\/gallery\/slike2\/p1300146.jpg\" width=\"296\" height=\"222\" \/><img loading=\"lazy\" decoding=\"async\" class=\"ngg-singlepic ngg-none\" alt=\"OLYMPUS DIGITAL CAMERA\" src=\"http:\/\/www.udrugamrkz.hr\/wp-content\/gallery\/slike2\/p1300175.jpg\" width=\"296\" height=\"222\" \/><img loading=\"lazy\" decoding=\"async\" class=\"ngg-singlepic ngg-none\" alt=\"OLYMPUS DIGITAL CAMERA\" src=\"http:\/\/www.udrugamrkz.hr\/wp-content\/gallery\/slike2\/p1300188.jpg\" width=\"296\" height=\"222\" \/><\/p>\n","protected":false},"excerpt":{"rendered":"<p>Dan otvorenih vrata organizirali smo u sklopu projekta &#8220;Upoznajte nas i na\u0161e mogu\u0107nosti&#8221; koji financira Regionalna zaklada za lokalni razvoj &#8220;Zamah&#8221; u 2014. godini. Voditeljica projekta je Martina Benjak. Suradnici u ovom projektu su&#46;&#46;&#46;<\/p>\n","protected":false},"author":1,"featured_media":0,"comment_status":"closed","ping_status":"closed","sticky":false,"template":"","format":"standard","meta":{"ngg_post_thumbnail":0,"footnotes":""},"categories":[1],"tags":[],"_links":{"self":[{"href":"https:\/\/www.udrugamrkz.hr\/index.php?rest_route=\/wp\/v2\/posts\/1259"}],"collection":[{"href":"https:\/\/www.udrugamrkz.hr\/index.php?rest_route=\/wp\/v2\/posts"}],"about":[{"href":"https:\/\/www.udrugamrkz.hr\/index.php?rest_route=\/wp\/v2\/types\/post"}],"author":[{"embeddable":true,"href":"https:\/\/www.udrugamrkz.hr\/index.php?rest_route=\/wp\/v2\/users\/1"}],"replies":[{"embeddable":true,"href":"https:\/\/www.udrugamrkz.hr\/index.php?rest_route=%2Fwp%2Fv2%2Fcomments&post=1259"}],"version-history":[{"count":1,"href":"https:\/\/www.udrugamrkz.hr\/index.php?rest_route=\/wp\/v2\/posts\/1259\/revisions"}],"predecessor-version":[{"id":1260,"href":"https:\/\/www.udrugamrkz.hr\/index.php?rest_route=\/wp\/v2\/posts\/1259\/revisions\/1260"}],"wp:attachment":[{"href":"https:\/\/www.udrugamrkz.hr\/index.php?rest_route=%2Fwp%2Fv2%2Fmedia&parent=1259"}],"wp:term":[{"taxonomy":"category","embeddable":true,"href":"https:\/\/www.udrugamrkz.hr\/index.php?rest_route=%2Fwp%2Fv2%2Fcategories&post=1259"},{"taxonomy":"post_tag","embeddable":true,"href":"https:\/\/www.udrugamrkz.hr\/index.php?rest_route=%2Fwp%2Fv2%2Ftags&post=1259"}],"curies":[{"name":"wp","href":"https:\/\/api.w.org\/{rel}","templated":true}]}}