{"id":1147,"date":"2013-10-22T21:00:15","date_gmt":"2013-10-22T20:00:15","guid":{"rendered":"http:\/\/www.udrugamrkz.hr\/?p=1147"},"modified":"2014-01-21T21:42:57","modified_gmt":"2014-01-21T20:42:57","slug":"10-godisnjica-osnutka-nacionalne-zaklade-za-razvoj-civilnog-drustva","status":"publish","type":"post","link":"https:\/\/www.udrugamrkz.hr\/?p=1147","title":{"rendered":"10. godi\u0161njica osnutka Nacionalne zaklade za razvoj civilnog dru\u0161tva"},"content":{"rendered":"<p style=\"text-align: justify;\">Predsjednica Udruge za pomo\u0107 osobama s mentalnom retardacijom Kri\u017eevci Tamara Premu\u0161 i voditeljica projektnih aktivnosti Martina Benjak prisustvovale su obilje\u017eavanju \u00a010. godi\u0161njice osnutka Nacionalne zaklade za razvoj civilnog dru\u0161tva u Koprivnici. Na ovom obilje\u017eavanju su sudjelovali predstavnici organizacija civilnog dru\u0161tva koje su u razdoblju od 2004. do 2013. godine provodile gra\u0111anske inicijative kroz natje\u010daj \u201eNa\u0161 doprinos zajednici\u201c.<br \/>\nUdruga za pomo\u0107 osobama s mentalnom retardacijom Kri\u017eevci je u 2013. godini provela inicijativu Zelena oaza Kluba \u201eMasla\u010dak\u201c u suradnji sa Srednjom gospodarskom \u0161kolom Kri\u017eevci. Na prijedlog Udruge, prof.Verka Filipovi\u0107 je dobila Priznanje za najbolju aktivisticu u provedenoj gra\u0111anskoj inicijativi. Nakon dodjele priznanja uslijedio je rad po skupinama. Svaka od \u010detiri skupine je mogla izabrati jedan od tri zadatka\/problema i poku\u0161ati na\u0107i mogu\u0107a rje\u0161enja. Rasprave su bile konstruktivne te je na kraju ponu\u0111eno puno zanimljivih prijedloga. Ovo regionalno doga\u0111anje odr\u017eano je u Domu mladih Koprivnica, a bilo je prilika zadru\u017eenje, izmjenu iskustava i nova poznanstva.<\/p>\n<p style=\"text-align: justify;\"><img loading=\"lazy\" decoding=\"async\" class=\"ngg-singlepic ngg-none\" alt=\"OLYMPUS DIGITAL CAMERA\" src=\"http:\/\/www.udrugamrkz.hr\/wp-content\/gallery\/ja\/pa220007.jpg\" width=\"296\" height=\"222\" \/><\/p>\n<p style=\"text-align: justify;\"><img loading=\"lazy\" decoding=\"async\" class=\"ngg-singlepic ngg-none\" alt=\"OLYMPUS DIGITAL CAMERA\" src=\"http:\/\/www.udrugamrkz.hr\/wp-content\/gallery\/ja\/pa220002.jpg\" width=\"296\" height=\"222\" \/><\/p>\n<p style=\"text-align: justify;\"><img loading=\"lazy\" decoding=\"async\" class=\"ngg-singlepic ngg-none\" alt=\"OLYMPUS DIGITAL CAMERA\" src=\"http:\/\/www.udrugamrkz.hr\/wp-content\/gallery\/ja\/pa220008.jpg\" width=\"296\" height=\"222\" \/><\/p>\n","protected":false},"excerpt":{"rendered":"<p>Predsjednica Udruge za pomo\u0107 osobama s mentalnom retardacijom Kri\u017eevci Tamara Premu\u0161 i voditeljica projektnih aktivnosti Martina Benjak prisustvovale su obilje\u017eavanju \u00a010. godi\u0161njice osnutka Nacionalne zaklade za razvoj civilnog dru\u0161tva u Koprivnici. Na ovom obilje\u017eavanju&#46;&#46;&#46;<\/p>\n","protected":false},"author":1,"featured_media":0,"comment_status":"closed","ping_status":"closed","sticky":false,"template":"","format":"standard","meta":{"ngg_post_thumbnail":0,"footnotes":""},"categories":[1],"tags":[],"_links":{"self":[{"href":"https:\/\/www.udrugamrkz.hr\/index.php?rest_route=\/wp\/v2\/posts\/1147"}],"collection":[{"href":"https:\/\/www.udrugamrkz.hr\/index.php?rest_route=\/wp\/v2\/posts"}],"about":[{"href":"https:\/\/www.udrugamrkz.hr\/index.php?rest_route=\/wp\/v2\/types\/post"}],"author":[{"embeddable":true,"href":"https:\/\/www.udrugamrkz.hr\/index.php?rest_route=\/wp\/v2\/users\/1"}],"replies":[{"embeddable":true,"href":"https:\/\/www.udrugamrkz.hr\/index.php?rest_route=%2Fwp%2Fv2%2Fcomments&post=1147"}],"version-history":[{"count":3,"href":"https:\/\/www.udrugamrkz.hr\/index.php?rest_route=\/wp\/v2\/posts\/1147\/revisions"}],"predecessor-version":[{"id":1150,"href":"https:\/\/www.udrugamrkz.hr\/index.php?rest_route=\/wp\/v2\/posts\/1147\/revisions\/1150"}],"wp:attachment":[{"href":"https:\/\/www.udrugamrkz.hr\/index.php?rest_route=%2Fwp%2Fv2%2Fmedia&parent=1147"}],"wp:term":[{"taxonomy":"category","embeddable":true,"href":"https:\/\/www.udrugamrkz.hr\/index.php?rest_route=%2Fwp%2Fv2%2Fcategories&post=1147"},{"taxonomy":"post_tag","embeddable":true,"href":"https:\/\/www.udrugamrkz.hr\/index.php?rest_route=%2Fwp%2Fv2%2Ftags&post=1147"}],"curies":[{"name":"wp","href":"https:\/\/api.w.org\/{rel}","templated":true}]}}