{"id":1059,"date":"2013-09-07T22:41:10","date_gmt":"2013-09-07T21:41:10","guid":{"rendered":"http:\/\/www.udrugamrkz.hr\/?p=1059"},"modified":"2013-09-11T10:36:54","modified_gmt":"2013-09-11T09:36:54","slug":"07-09-2013-dan-svetog-marka-krizevcanina","status":"publish","type":"post","link":"https:\/\/www.udrugamrkz.hr\/?p=1059","title":{"rendered":"Dan svetog Marka Kri\u017eev\u010danina"},"content":{"rendered":"<p>Povodom Dana svetog Marka Kri\u017eev\u010danina imali smo prigodnu prodaju radova na Nem\u010di\u0107evom trgu. Posjetiteljima grada i sugra\u0111anima smo ponudili ukrasne i uporabne predmete nastale u kreativnim radionicama. Hvala svima koji su svojim dobrovoljnim prilozima podprli na\u0161 rad.Predsjednica Udruge je sudjelovala na 13. susretu osoba s invaliditetom Hrvatske\u201eKri\u017eevci 2013.\u201c u organizaciji Udruge invalida Kri\u017eevci.<\/p>\n<p><img loading=\"lazy\" decoding=\"async\" class=\"ngg-singlepic ngg-none\" alt=\"OLYMPUS DIGITAL CAMERA\" src=\"http:\/\/www.udrugamrkz.hr\/wp-content\/gallery\/druzenje\/p9070120.jpg\" width=\"450\" height=\"360\" \/><\/p>\n<p><img loading=\"lazy\" decoding=\"async\" class=\"ngg-singlepic ngg-none\" alt=\"OLYMPUS DIGITAL CAMERA\" src=\"http:\/\/www.udrugamrkz.hr\/wp-content\/gallery\/druzenje\/p9070125.jpg\" width=\"450\" height=\"360\" \/><\/p>\n","protected":false},"excerpt":{"rendered":"<p>Povodom Dana svetog Marka Kri\u017eev\u010danina imali smo prigodnu prodaju radova na Nem\u010di\u0107evom trgu. Posjetiteljima grada i sugra\u0111anima smo ponudili ukrasne i uporabne predmete nastale u kreativnim radionicama. Hvala svima koji su svojim dobrovoljnim prilozima&#46;&#46;&#46;<\/p>\n","protected":false},"author":1,"featured_media":0,"comment_status":"closed","ping_status":"closed","sticky":false,"template":"","format":"standard","meta":{"ngg_post_thumbnail":0,"footnotes":""},"categories":[1],"tags":[],"_links":{"self":[{"href":"https:\/\/www.udrugamrkz.hr\/index.php?rest_route=\/wp\/v2\/posts\/1059"}],"collection":[{"href":"https:\/\/www.udrugamrkz.hr\/index.php?rest_route=\/wp\/v2\/posts"}],"about":[{"href":"https:\/\/www.udrugamrkz.hr\/index.php?rest_route=\/wp\/v2\/types\/post"}],"author":[{"embeddable":true,"href":"https:\/\/www.udrugamrkz.hr\/index.php?rest_route=\/wp\/v2\/users\/1"}],"replies":[{"embeddable":true,"href":"https:\/\/www.udrugamrkz.hr\/index.php?rest_route=%2Fwp%2Fv2%2Fcomments&post=1059"}],"version-history":[{"count":3,"href":"https:\/\/www.udrugamrkz.hr\/index.php?rest_route=\/wp\/v2\/posts\/1059\/revisions"}],"predecessor-version":[{"id":1061,"href":"https:\/\/www.udrugamrkz.hr\/index.php?rest_route=\/wp\/v2\/posts\/1059\/revisions\/1061"}],"wp:attachment":[{"href":"https:\/\/www.udrugamrkz.hr\/index.php?rest_route=%2Fwp%2Fv2%2Fmedia&parent=1059"}],"wp:term":[{"taxonomy":"category","embeddable":true,"href":"https:\/\/www.udrugamrkz.hr\/index.php?rest_route=%2Fwp%2Fv2%2Fcategories&post=1059"},{"taxonomy":"post_tag","embeddable":true,"href":"https:\/\/www.udrugamrkz.hr\/index.php?rest_route=%2Fwp%2Fv2%2Ftags&post=1059"}],"curies":[{"name":"wp","href":"https:\/\/api.w.org\/{rel}","templated":true}]}}