{"id":1008,"date":"2013-06-22T08:57:08","date_gmt":"2013-06-22T07:57:08","guid":{"rendered":"http:\/\/www.udrugamrkz.hr\/?p=1008"},"modified":"2013-07-04T09:01:48","modified_gmt":"2013-07-04T08:01:48","slug":"druzenje-u-udruzi-srce-iz-svetog-ivana-zeline","status":"publish","type":"post","link":"https:\/\/www.udrugamrkz.hr\/?p=1008","title":{"rendered":"Dru\u017eenje u Udruzi &#8220;Srce&#8221; iz Svetog Ivana Zeline"},"content":{"rendered":"<p>\u010clanovi Udruge sudjelovali su na dru\u017eenju u organizaciji Udruge &#8220;Srce&#8221; iz Svetog Ivana Zeline. Nakon pozdravnog govora predsjednice Udruge uslijedio je program doma\u0107ina i gostiju. Na\u0161a \u010dlanica Ivana \u0160ebijan je otpjevala jednu veselu pjesmicu. Uslijedile su igre, pjesma i ples te su na kraju svima podijeljene zahvalnice i pokloni kao uspomena na ovo dru\u017eenje.\u00a0Osim udruge doma\u0107ina i na\u0161e udruge na susretu su sudjelovale i udruge iz \u0110ur\u0111evca, Ludbrega, Novog Marofa, Velike Gorice te \u010dlanovi Udruge Pu\u017e iz Zagreba. Proveli smo jedan ugodan dan u dru\u017eenju sa starim i novim prijateljima.<br \/>\n<a class=\"shutterset_\" title=\"\" href=\"http:\/\/www.udrugamrkz.hr\/wp-content\/gallery\/slikice\/p6220003.jpg\"><img decoding=\"async\" class=\"ngg-singlepic ngg-none\" alt=\"OLYMPUS DIGITAL CAMERA\" src=\"http:\/\/www.udrugamrkz.hr\/wp-content\/gallery\/slikice\/thumbs\/thumbs_p6220003.jpg\" \/><\/a><a class=\"shutterset_\" title=\"\" href=\"http:\/\/www.udrugamrkz.hr\/wp-content\/gallery\/slikice\/p6220026.jpg\"><img decoding=\"async\" class=\"ngg-singlepic ngg-none\" alt=\"OLYMPUS DIGITAL CAMERA\" src=\"http:\/\/www.udrugamrkz.hr\/wp-content\/gallery\/slikice\/thumbs\/thumbs_p6220026.jpg\" \/><\/a><a class=\"shutterset_\" title=\"\" href=\"http:\/\/www.udrugamrkz.hr\/wp-content\/gallery\/slikice\/p6220061.jpg\"><img decoding=\"async\" class=\"ngg-singlepic ngg-none\" alt=\"OLYMPUS DIGITAL CAMERA\" src=\"http:\/\/www.udrugamrkz.hr\/wp-content\/gallery\/slikice\/thumbs\/thumbs_p6220061.jpg\" \/><\/a><\/p>\n","protected":false},"excerpt":{"rendered":"<p>\u010clanovi Udruge sudjelovali su na dru\u017eenju u organizaciji Udruge &#8220;Srce&#8221; iz Svetog Ivana Zeline. Nakon pozdravnog govora predsjednice Udruge uslijedio je program doma\u0107ina i gostiju. Na\u0161a \u010dlanica Ivana \u0160ebijan je otpjevala jednu veselu pjesmicu.&#46;&#46;&#46;<\/p>\n","protected":false},"author":1,"featured_media":0,"comment_status":"closed","ping_status":"closed","sticky":false,"template":"","format":"standard","meta":{"ngg_post_thumbnail":0,"footnotes":""},"categories":[3],"tags":[],"_links":{"self":[{"href":"https:\/\/www.udrugamrkz.hr\/index.php?rest_route=\/wp\/v2\/posts\/1008"}],"collection":[{"href":"https:\/\/www.udrugamrkz.hr\/index.php?rest_route=\/wp\/v2\/posts"}],"about":[{"href":"https:\/\/www.udrugamrkz.hr\/index.php?rest_route=\/wp\/v2\/types\/post"}],"author":[{"embeddable":true,"href":"https:\/\/www.udrugamrkz.hr\/index.php?rest_route=\/wp\/v2\/users\/1"}],"replies":[{"embeddable":true,"href":"https:\/\/www.udrugamrkz.hr\/index.php?rest_route=%2Fwp%2Fv2%2Fcomments&post=1008"}],"version-history":[{"count":1,"href":"https:\/\/www.udrugamrkz.hr\/index.php?rest_route=\/wp\/v2\/posts\/1008\/revisions"}],"predecessor-version":[{"id":1009,"href":"https:\/\/www.udrugamrkz.hr\/index.php?rest_route=\/wp\/v2\/posts\/1008\/revisions\/1009"}],"wp:attachment":[{"href":"https:\/\/www.udrugamrkz.hr\/index.php?rest_route=%2Fwp%2Fv2%2Fmedia&parent=1008"}],"wp:term":[{"taxonomy":"category","embeddable":true,"href":"https:\/\/www.udrugamrkz.hr\/index.php?rest_route=%2Fwp%2Fv2%2Fcategories&post=1008"},{"taxonomy":"post_tag","embeddable":true,"href":"https:\/\/www.udrugamrkz.hr\/index.php?rest_route=%2Fwp%2Fv2%2Ftags&post=1008"}],"curies":[{"name":"wp","href":"https:\/\/api.w.org\/{rel}","templated":true}]}}